{"id":172120,"date":"2025-06-20T08:33:26","date_gmt":"2025-06-20T06:33:26","guid":{"rendered":"https:\/\/homeogarden.com\/hr\/?p=172120"},"modified":"2025-06-20T08:33:26","modified_gmt":"2025-06-20T06:33:26","slug":"sezonski-radovi-u-ekoloskom-vrtu-s-alesem-prvi-dio","status":"publish","type":"post","link":"https:\/\/homeogarden.com\/hr\/savjeti\/sezonski-radovi-u-ekoloskom-vrtu-s-alesem-prvi-dio\/","title":{"rendered":"Sezonski radovi u ekolo\u0161kom vrtu s Ale\u0161em \u2013 prvi dio"},"content":{"rendered":"\t\t<div data-elementor-type=\"wp-post\" data-elementor-id=\"172120\" class=\"elementor elementor-172120\" data-elementor-post-type=\"post\">\n\t\t\t\t\t\t<section class=\"elementor-section elementor-top-section elementor-element elementor-element-69c00fdd elementor-section-boxed elementor-section-height-default elementor-section-height-default\" data-id=\"69c00fdd\" data-element_type=\"section\">\n\t\t\t\t\t\t<div class=\"elementor-container elementor-column-gap-default\">\n\t\t\t\t\t<div class=\"elementor-column elementor-col-100 elementor-top-column elementor-element elementor-element-13e39513\" data-id=\"13e39513\" data-element_type=\"column\">\n\t\t\t<div class=\"elementor-widget-wrap elementor-element-populated\">\n\t\t\t\t\t\t<div class=\"elementor-element elementor-element-1d6008b5 elementor-widget elementor-widget-text-editor\" data-id=\"1d6008b5\" data-element_type=\"widget\" data-widget_type=\"text-editor.default\">\n\t\t\t\t<div class=\"elementor-widget-container\">\n\t\t\t\t\t\t\t\t\t<p><strong>Vrtlarstvo nije samo hobi \u2013 to je na\u010din \u017eivota koji nas povezuje s prirodom, opu\u0161ta i daje osje\u0107aj postignu\u0107a. Svje\u017ee povr\u0107e koje sami uzgajamo je ukusnije, hranjivije i bez kemikalija. Upoznajte Ale\u0161a, jednog od za\u010detnika HomeOgardena, i zavirite u njegov ekolo\u0161ki povrtnjak u Istri.<\/strong><\/p>\t\t\t\t\t\t\t\t<\/div>\n\t\t\t\t<\/div>\n\t\t\t\t\t<\/div>\n\t\t<\/div>\n\t\t\t\t\t<\/div>\n\t\t<\/section>\n\t\t\t\t<section class=\"elementor-section elementor-top-section elementor-element elementor-element-341908ec elementor-section-boxed elementor-section-height-default elementor-section-height-default\" data-id=\"341908ec\" data-element_type=\"section\">\n\t\t\t\t\t\t<div class=\"elementor-container elementor-column-gap-default\">\n\t\t\t\t\t<div class=\"elementor-column elementor-col-100 elementor-top-column elementor-element elementor-element-1d0f42a8\" data-id=\"1d0f42a8\" data-element_type=\"column\">\n\t\t\t<div class=\"elementor-widget-wrap elementor-element-populated\">\n\t\t\t\t\t\t<div class=\"elementor-element elementor-element-79a070eb elementor-widget elementor-widget-text-editor\" data-id=\"79a070eb\" data-element_type=\"widget\" data-widget_type=\"text-editor.default\">\n\t\t\t\t<div class=\"elementor-widget-container\">\n\t\t\t\t\t\t\t\t\t<p>Sve je zapo\u010delo prije vi\u0161e od 20 godina, kada su Ale\u0161 i njegov kolega Marko, za\u010detnici HomeOgardena, krenuli s idejom da vrtlarstvo mo\u017ee biti <strong>odr\u017eivo, prirodno i dostupno svima<\/strong>. S organskim pristupom <strong>brinemo <\/strong>o zdravlju tla, p\u010dela i drugih opra\u0161iva\u010da te \u0161titimo podzemne vode i okoli\u0161. <strong>Prirodnim pripravcima<\/strong>, plodoredom i kompostiranjem stvaramo vrtni ekosustav u kojem su biljke otpornije, a usjev sigurniji za nas i prirodu. Uz pomo\u0107 <strong>provjerene recepture<\/strong> HomeOgarden proizvoda, svatko mo\u017ee uspje\u0161no njegovati svoj vrt. Vi\u0161e o filozofiji i misiji pro\u010ditajte u \u010dlanku <a href=\"https:\/\/homeogarden.com\/hr\/o-nama\/\">O nama<\/a>.<\/p><p><strong>Ekolo\u0161ki vrt je prostor sodelovanja z naravo \u2013 ne boj zoper njo. <\/strong><\/p>\t\t\t\t\t\t\t\t<\/div>\n\t\t\t\t<\/div>\n\t\t\t\t\t<\/div>\n\t\t<\/div>\n\t\t\t\t\t<\/div>\n\t\t<\/section>\n\t\t\t\t<section class=\"elementor-section elementor-top-section elementor-element elementor-element-975ffbe elementor-section-boxed elementor-section-height-default elementor-section-height-default\" data-id=\"975ffbe\" data-element_type=\"section\">\n\t\t\t\t\t\t<div class=\"elementor-container elementor-column-gap-default\">\n\t\t\t\t\t<div class=\"elementor-column elementor-col-100 elementor-top-column elementor-element elementor-element-557551a9\" data-id=\"557551a9\" data-element_type=\"column\">\n\t\t\t<div class=\"elementor-widget-wrap elementor-element-populated\">\n\t\t\t\t\t\t<div class=\"elementor-element elementor-element-6923dd4 elementor-widget elementor-widget-text-editor\" data-id=\"6923dd4\" data-element_type=\"widget\" data-widget_type=\"text-editor.default\">\n\t\t\t\t<div class=\"elementor-widget-container\">\n\t\t\t\t\t\t\t\t\t<h2>Za\u0161to ne biste uzgajali vlastito povr\u0107e?<\/h2><p>Doma\u0107e povr\u0107e je <strong>svje\u017ee<\/strong>, <strong>ukusno<\/strong> i <strong>bez skrivenih kemikalija<\/strong>. Znate, <strong>ekolo\u0161ki vrt je mjesto suradnje s prirodom \u2013 ne borite se protiv toga. <\/strong><\/p><p>Osim toga, vrtlarstvo nije samo korisno, ve\u0107 i opu\u0161taju\u0107e i povezano s prirodom. Ne morate imati veliki vrt \u2013\u00a0 dovoljan je <strong>balkon<\/strong>, <a href=\"https:\/\/homeogarden.com\/sl\/sadilne-vrece\/\">PlantIN vre\u0107e za sadnju<\/a>, <strong>podignuta gredica<\/strong> ili <strong>nekoliko posuda<\/strong>.<\/p><p>Pa za\u0161to kupovati skupo i \u010desto manje svje\u017ee povr\u0107e kada ga mo\u017eete sami uzgajati \u2013 s vi\u0161e ljubavi, manje tro\u0161kova i puno vi\u0161e zadovoljstva?<\/p><p><strong>Va\u0161 vrt, va\u0161a hrana, va\u0161a izbira.<\/strong><\/p>\t\t\t\t\t\t\t\t<\/div>\n\t\t\t\t<\/div>\n\t\t\t\t\t<\/div>\n\t\t<\/div>\n\t\t\t\t\t<\/div>\n\t\t<\/section>\n\t\t\t\t<section class=\"elementor-section elementor-top-section elementor-element elementor-element-b168a8a elementor-section-boxed elementor-section-height-default elementor-section-height-default\" data-id=\"b168a8a\" data-element_type=\"section\">\n\t\t\t\t\t\t<div class=\"elementor-container elementor-column-gap-default\">\n\t\t\t\t\t<div class=\"elementor-column elementor-col-100 elementor-top-column elementor-element elementor-element-1b788f5e\" data-id=\"1b788f5e\" data-element_type=\"column\">\n\t\t\t<div class=\"elementor-widget-wrap elementor-element-populated\">\n\t\t\t\t\t\t<div class=\"elementor-element elementor-element-3c70fb1b elementor-widget elementor-widget-image\" data-id=\"3c70fb1b\" data-element_type=\"widget\" data-widget_type=\"image.default\">\n\t\t\t\t<div class=\"elementor-widget-container\">\n\t\t\t\t\t\t\t\t\t\t\t\t\t\t\t<img fetchpriority=\"high\" decoding=\"async\" width=\"985\" height=\"647\" src=\"https:\/\/homeogarden.com\/hr\/wp-content\/uploads\/sites\/3\/2025\/06\/planiranje_vrta.jpg\" class=\"attachment-large size-large wp-image-172126\" alt=\"planiranje vrta\" srcset=\"https:\/\/homeogarden.com\/hr\/wp-content\/uploads\/sites\/3\/2025\/06\/planiranje_vrta.jpg 985w, https:\/\/homeogarden.com\/hr\/wp-content\/uploads\/sites\/3\/2025\/06\/planiranje_vrta-768x504.jpg 768w, https:\/\/homeogarden.com\/hr\/wp-content\/uploads\/sites\/3\/2025\/06\/planiranje_vrta-600x394.jpg 600w\" sizes=\"(max-width: 985px) 100vw, 985px\" \/>\t\t\t\t\t\t\t\t\t\t\t\t\t\t\t<\/div>\n\t\t\t\t<\/div>\n\t\t\t\t\t<\/div>\n\t\t<\/div>\n\t\t\t\t\t<\/div>\n\t\t<\/section>\n\t\t\t\t<section class=\"elementor-section elementor-top-section elementor-element elementor-element-51150b06 elementor-section-boxed elementor-section-height-default elementor-section-height-default\" data-id=\"51150b06\" data-element_type=\"section\">\n\t\t\t\t\t\t<div class=\"elementor-container elementor-column-gap-default\">\n\t\t\t\t\t<div class=\"elementor-column elementor-col-100 elementor-top-column elementor-element elementor-element-70ffe4de\" data-id=\"70ffe4de\" data-element_type=\"column\">\n\t\t\t<div class=\"elementor-widget-wrap elementor-element-populated\">\n\t\t\t\t\t\t<div class=\"elementor-element elementor-element-1dabd513 elementor-widget elementor-widget-text-editor\" data-id=\"1dabd513\" data-element_type=\"widget\" data-widget_type=\"text-editor.default\">\n\t\t\t\t<div class=\"elementor-widget-container\">\n\t\t\t\t\t\t\t\t\t<h2>Planiranje vrta uz istarsku ku\u0107u<\/h2><p>Za Ale\u0161a, vrt oko njegove <a href=\"https:\/\/hr.wikipedia.org\/wiki\/Istra\">istarske ku\u0107e<\/a> nije samo mjesto za sadnju \u2013 to je produ\u017eetak doma, njegovih izbora i mjesta za odmor. Istarski krajolik, sa svojim specifi\u010dnim kamenim suhozidima, mirisima mediteranskog bilja<strong>, maslinama i vinovom lozom<\/strong>, utjelovljuje duh tog prostora.<br \/>Svaki kutak vrta oblikuje prema prirodnim uvjetima: gdje sunce grije, gdje je hlad, kako vjetar pu\u0161e i gdje te\u010de voda. Vrt je istovremeno <strong>funkcionalan i miran<\/strong>, s prostorom za bilje, povrtnjak, ali i mjesto za dru\u017eenje i odmor u hladu smokve.<br \/>\u201eU vrtu je va\u017eno po\u0161tovati prirodu i tradiciju, i stvoriti mjesto koje ne\u0107e zahtijevati puno rada, ali \u0107e pru\u017eiti radost i zdravlje tijelu i du\u0161i,\u201c ka\u017ee Ale\u0161.<\/p><p>Uzimaju\u0107i u obzir prirodne uvjete i tradiciju, stvara vrt koji ne zahtijeva puno odr\u017eavanja, ali nudi bogate dobrobiti \u2013 kako za tijelo tako i za du\u0161u.<\/p>\t\t\t\t\t\t\t\t<\/div>\n\t\t\t\t<\/div>\n\t\t\t\t\t<\/div>\n\t\t<\/div>\n\t\t\t\t\t<\/div>\n\t\t<\/section>\n\t\t\t\t<section class=\"elementor-section elementor-top-section elementor-element elementor-element-ebb43eb elementor-section-boxed elementor-section-height-default elementor-section-height-default\" data-id=\"ebb43eb\" data-element_type=\"section\">\n\t\t\t\t\t\t<div class=\"elementor-container elementor-column-gap-default\">\n\t\t\t\t\t<div class=\"elementor-column elementor-col-100 elementor-top-column elementor-element elementor-element-658fde74\" data-id=\"658fde74\" data-element_type=\"column\">\n\t\t\t<div class=\"elementor-widget-wrap elementor-element-populated\">\n\t\t\t\t\t\t<div class=\"elementor-element elementor-element-4d047ee3 elementor-widget elementor-widget-text-editor\" data-id=\"4d047ee3\" data-element_type=\"widget\" data-widget_type=\"text-editor.default\">\n\t\t\t\t<div class=\"elementor-widget-container\">\n\t\t\t\t\t\t\t\t\t<h2>Lokacija i veli\u010dina istarskog povrtnjaka<\/h2><p>Povrtnjak je \u0161irok <strong>5 metara i duga\u010dak 7,5 metara<\/strong>, \u0161to nudi dovoljno prostora za planiranu proizvodnju svje\u017eeg sezonskog povr\u0107a za manje doma\u0107instvo. Tlo u vrtu je tipi\u010dna <a href=\"https:\/\/sl.wikipedia.org\/wiki\/Jerovica\">istarska terra rossa<\/a>, bogata \u017eeljeznim oksidima i dobro drenirana, \u0161to omogu\u0107uje izvrstan rast mnogim mediteranskim biljkama.<\/p><p>Mjesto vrta je sun\u010dano <strong>do polusjenovito<\/strong>, \u0161to zna\u010di da je pogodno za razne sadnje \u2013 od <strong>plodnih biljaka<\/strong> poput raj\u010dice, tikvica i paprike, do <strong>lisnatog povr\u0107a <\/strong>poput blitve, zelene salate i \u0161pinata. Jedna strana vrta prirodno je za\u0161ti\u0107ena <strong>zidom od istarskog kamena <\/strong>koji pru\u017ea zaklon od vjetra, ali istovremeno akumulira toplinu tijekom dana i odaje je biljkama \u2013 idealno za produljenje vegetacijske sezone.<\/p>\t\t\t\t\t\t\t\t<\/div>\n\t\t\t\t<\/div>\n\t\t\t\t\t<\/div>\n\t\t<\/div>\n\t\t\t\t\t<\/div>\n\t\t<\/section>\n\t\t\t\t<section class=\"elementor-section elementor-top-section elementor-element elementor-element-76f00a7e elementor-section-boxed elementor-section-height-default elementor-section-height-default\" data-id=\"76f00a7e\" data-element_type=\"section\">\n\t\t\t\t\t\t<div class=\"elementor-container elementor-column-gap-default\">\n\t\t\t\t\t<div class=\"elementor-column elementor-col-100 elementor-top-column elementor-element elementor-element-1ea36c14\" data-id=\"1ea36c14\" data-element_type=\"column\">\n\t\t\t<div class=\"elementor-widget-wrap elementor-element-populated\">\n\t\t\t\t\t\t<div class=\"elementor-element elementor-element-495bccc elementor-widget elementor-widget-image\" data-id=\"495bccc\" data-element_type=\"widget\" data-widget_type=\"image.default\">\n\t\t\t\t<div class=\"elementor-widget-container\">\n\t\t\t\t\t\t\t\t\t\t\t\t\t\t\t<img decoding=\"async\" width=\"985\" height=\"707\" src=\"https:\/\/homeogarden.com\/hr\/wp-content\/uploads\/sites\/3\/2025\/06\/ekoloski_vrt.jpg\" class=\"attachment-large size-large wp-image-172127\" alt=\"organski vrt\" srcset=\"https:\/\/homeogarden.com\/hr\/wp-content\/uploads\/sites\/3\/2025\/06\/ekoloski_vrt.jpg 985w, https:\/\/homeogarden.com\/hr\/wp-content\/uploads\/sites\/3\/2025\/06\/ekoloski_vrt-768x551.jpg 768w, https:\/\/homeogarden.com\/hr\/wp-content\/uploads\/sites\/3\/2025\/06\/ekoloski_vrt-600x431.jpg 600w\" sizes=\"(max-width: 985px) 100vw, 985px\" \/>\t\t\t\t\t\t\t\t\t\t\t\t\t\t\t<\/div>\n\t\t\t\t<\/div>\n\t\t\t\t\t<\/div>\n\t\t<\/div>\n\t\t\t\t\t<\/div>\n\t\t<\/section>\n\t\t\t\t<section class=\"elementor-section elementor-top-section elementor-element elementor-element-6b853c94 elementor-section-boxed elementor-section-height-default elementor-section-height-default\" data-id=\"6b853c94\" data-element_type=\"section\">\n\t\t\t\t\t\t<div class=\"elementor-container elementor-column-gap-default\">\n\t\t\t\t\t<div class=\"elementor-column elementor-col-100 elementor-top-column elementor-element elementor-element-5b31df06\" data-id=\"5b31df06\" data-element_type=\"column\">\n\t\t\t<div class=\"elementor-widget-wrap elementor-element-populated\">\n\t\t\t\t\t\t<div class=\"elementor-element elementor-element-6997921d elementor-widget elementor-widget-text-editor\" data-id=\"6997921d\" data-element_type=\"widget\" data-widget_type=\"text-editor.default\">\n\t\t\t\t<div class=\"elementor-widget-container\">\n\t\t\t\t\t\t\t\t\t<h2>Preduzgoj sadnica za istarski vrt<\/h2><p>Za uspje\u0161an po\u010detak vrtlarske sezone odlu\u010deno je unaprijed da se uzgoje <strong>sadnice<\/strong> iz <a href=\"https:\/\/homeogarden.com\/hr\/eko-sjeme\/\">organskog<\/a><strong> sjemena ECOSORTiA<\/strong>, koje je prilago\u0111eno prirodnom na\u010dinu proizvodnje. Za kvalitetan rast mladih biljaka koristi <a href=\"https:\/\/homeogarden.com\/hr\/substratica-kokos-plus-mix-35l\/\">\u00a0kokosov supstrat<\/a><strong> Substratica Kokos Plus Mix <\/strong>koji pru\u017ea prozra\u010dno, drenirano i istovremeno vla\u017eno okru\u017eenje \u2013 idealno za klijanje.<\/p><p>Sadnice su uzgojene u <strong>PlantIN vre\u0107ama za sadnju<\/strong>, jer pru\u017eaju izvrsnu drena\u017eu i prozra\u010divanje korijena, a zauzimaju malo prostora.<\/p><p>Posijali smo organsko sjeme ECOSORTiA:<\/p><ol><li><strong>Salata &#8220;Paris Island Cos&#8221;<\/strong> \u2013 za hrskavo zeleno li\u0161\u0107e,<\/li><li><strong>Salata &#8220;Lollo Rossa&#8221;<\/strong> \u2013 za boju i okus,<\/li><li><strong>\u017duta paprika<\/strong> \u2013 za sun\u010dani dodir u vrtu,<\/li><li><strong>Crvena raj\u010dica &#8220;Matina&#8221;<\/strong> \u2013 rana i otporna sorta,<\/li><li><strong>Tikvice &#8220;Crna ljepotica&#8221;<\/strong> \u2013 pouzdan izbor za ljetnu berbu.<\/li><\/ol><p>Sve sadnice pa\u017eljivo su uzgajane u zaklonu dok nisu bile dovoljno jake da se mogu presaditi na pripremljenu gredicu pored istarske ku\u0107e.<\/p><p><strong>Na kraju je mrkva &#8220;Nantese&#8221; posijana izravno<\/strong> u pripremljeno vrtno tlo, jer ne podnosi presa\u0111ivanje i najbolje uspijeva izravnom sjetvom u gredicu.<\/p>\t\t\t\t\t\t\t\t<\/div>\n\t\t\t\t<\/div>\n\t\t\t\t\t<\/div>\n\t\t<\/div>\n\t\t\t\t\t<\/div>\n\t\t<\/section>\n\t\t<div class=\"elementor-element elementor-element-2291f38 e-flex e-con-boxed e-con e-parent\" data-id=\"2291f38\" data-element_type=\"container\">\n\t\t\t\t\t<div class=\"e-con-inner\">\n\t\t\t\t<div class=\"elementor-element elementor-element-e04215c elementor-widget elementor-widget-image\" data-id=\"e04215c\" data-element_type=\"widget\" data-widget_type=\"image.default\">\n\t\t\t\t<div class=\"elementor-widget-container\">\n\t\t\t\t\t\t\t\t\t\t\t\t\t\t\t<img decoding=\"async\" width=\"985\" height=\"739\" src=\"https:\/\/homeogarden.com\/hr\/wp-content\/uploads\/sites\/3\/2025\/06\/preduzgoj_sadnica.jpg\" class=\"attachment-large size-large wp-image-172128\" alt=\"preduzgoj sadnica\" srcset=\"https:\/\/homeogarden.com\/hr\/wp-content\/uploads\/sites\/3\/2025\/06\/preduzgoj_sadnica.jpg 985w, https:\/\/homeogarden.com\/hr\/wp-content\/uploads\/sites\/3\/2025\/06\/preduzgoj_sadnica-768x576.jpg 768w, https:\/\/homeogarden.com\/hr\/wp-content\/uploads\/sites\/3\/2025\/06\/preduzgoj_sadnica-600x450.jpg 600w\" sizes=\"(max-width: 985px) 100vw, 985px\" \/>\t\t\t\t\t\t\t\t\t\t\t\t\t\t\t<\/div>\n\t\t\t\t<\/div>\n\t\t\t\t\t<\/div>\n\t\t\t\t<\/div>\n\t\t\t\t<section class=\"elementor-section elementor-top-section elementor-element elementor-element-50ccd584 elementor-section-boxed elementor-section-height-default elementor-section-height-default\" data-id=\"50ccd584\" data-element_type=\"section\">\n\t\t\t\t\t\t<div class=\"elementor-container elementor-column-gap-default\">\n\t\t\t\t\t<div class=\"elementor-column elementor-col-100 elementor-top-column elementor-element elementor-element-76a165c6\" data-id=\"76a165c6\" data-element_type=\"column\">\n\t\t\t<div class=\"elementor-widget-wrap elementor-element-populated\">\n\t\t\t\t\t\t<div class=\"elementor-element elementor-element-5b7b2e21 elementor-widget elementor-widget-text-editor\" data-id=\"5b7b2e21\" data-element_type=\"widget\" data-widget_type=\"text-editor.default\">\n\t\t\t\t<div class=\"elementor-widget-container\">\n\t\t\t\t\t\t\t\t\t<h2>Priprema istarskog povrtnjaka<\/h2><p>Prije nego \u0161to je zapo\u010deta sadnja vrta uz istarsku ku\u0107u, temeljito se pripremilo zemlji\u0161te. Vrtno tlo \u2013 bogata <strong>terra rossa<\/strong>, koja je ve\u0107 neko vrijeme bila uspavana \u2013\u00a0 puna je \u017eivota, \u0161to je izvrsna osnova za zdrav vrt. Prvo je poko\u0161ena visoka trava, a zatim ru\u010dno iskopana<strong> zemlja <\/strong>(pre\u0161tihana) kako bi se pobolj\u0161ala njezina prozra\u010dnost i struktura.<\/p><p>Kako bi tlo bolje <strong>zadr\u017eavalo vlagu i bilo bogatije organskom tvari<\/strong>, svi HOG-ovci u njega obavezno dodaju <strong>Organsku zemlju<\/strong> <strong>od <\/strong><a href=\"https:\/\/homeogarden.com\/hr\/zemlja\/zemlja-od-kokosovih-vlakana\/\">kokosovih vlakana<\/a>, kao i supstrat \u00a0<strong>Substratico Kokos Plus Mix od 60 l<\/strong>. \u00a0To je <strong>temelj<\/strong> svake uspje\u0161ne pripreme tla. Kokosova vlakna pobolj\u0161avaju re\u017eim vode i zraka u tlu i poma\u017eu u odr\u017eavanju stabilnog rasta korijena \u010dak i tijekom su\u0161nih razdoblja.<\/p><p>Za prvu gnojidbu odabrano je\u00a0 premium organsko gnojivo <a href=\"https:\/\/homeogarden.com\/hr\/organski-vrt-10-kg\/\">Organski vrt <\/a>\u00a0koje sadr\u017ei dva klju\u010dna sastojka za zdrav razvoj biljaka:<\/p><ol><li><strong>Mikoriza<\/strong>: poti\u010de vezu izme\u0111u korijena i gljivica u tlu, omogu\u0107uju\u0107i biljkama bolji pristup vodi i hranjivim tvarima. Prirodna simbioza.<\/li><li><strong>Leonardit<\/strong>: bogat izvor huminskih kiselina koje pobolj\u0161avaju plodnost tla i ja\u010daju vitalnost biljaka.<\/li><\/ol><p>Nakon \u0161to je tlo spremno, zapo\u010deta je i sadnja doma\u0107ih sadnica \u2013 odabranih s ljubavlju i prilago\u0111enih mikroklimi vrta.<\/p>\t\t\t\t\t\t\t\t<\/div>\n\t\t\t\t<\/div>\n\t\t\t\t\t<\/div>\n\t\t<\/div>\n\t\t\t\t\t<\/div>\n\t\t<\/section>\n\t\t<div class=\"elementor-element elementor-element-62c6294 e-flex e-con-boxed e-con e-parent\" data-id=\"62c6294\" data-element_type=\"container\">\n\t\t\t\t\t<div class=\"e-con-inner\">\n\t\t\t\t<div class=\"elementor-element elementor-element-739df5e elementor-widget elementor-widget-homeo_blog_section\" data-id=\"739df5e\" data-element_type=\"widget\" data-widget_type=\"homeo_blog_section.default\">\n\t\t\t\t<div class=\"elementor-widget-container\">\n\t\t\t\t\t<div class=\"hm-blog-tip-holder\" style=\"background-image: url(\/wp-content\/themes\/flatsome-child\/img\/pattern_green.png);\"><span class=\"icon\"><img decoding=\"async\" src=\"\/wp-content\/themes\/flatsome-child\/img\/icons\/bulb.svg\"><\/span><div class=\"content\"><h3>Savjet<\/h3><p>Dobro pripremljenim tlom, organskom podlogom i pravovremenim uzgojem sadnica mo\u017eete osigurati zdrav, produktivan i odr\u017eiv vrt \u2013 u skladu s prirodom i klimatskim uvjetima kako u Istri tako i u svakom podneblju.<\/p><\/div><\/div>\t\t\t\t<\/div>\n\t\t\t\t<\/div>\n\t\t\t\t\t<\/div>\n\t\t\t\t<\/div>\n\t\t\t\t<section class=\"elementor-section elementor-top-section elementor-element elementor-element-42ceb9fc elementor-section-boxed elementor-section-height-default elementor-section-height-default\" data-id=\"42ceb9fc\" data-element_type=\"section\">\n\t\t\t\t\t\t<div class=\"elementor-container elementor-column-gap-default\">\n\t\t\t\t\t<div class=\"elementor-column elementor-col-100 elementor-top-column elementor-element elementor-element-440063bd\" data-id=\"440063bd\" data-element_type=\"column\">\n\t\t\t<div class=\"elementor-widget-wrap elementor-element-populated\">\n\t\t\t\t\t\t<div class=\"elementor-element elementor-element-790b02f7 elementor-widget elementor-widget-text-editor\" data-id=\"790b02f7\" data-element_type=\"widget\" data-widget_type=\"text-editor.default\">\n\t\t\t\t<div class=\"elementor-widget-container\">\n\t\t\t\t\t\t\t\t\t<h2>Sjetva i sadnja presadnica uzgojenih iz sjemena u Ale\u0161ovom vrtu u Istri<\/h2><p>U o\u017eujku smo posjetili Ale\u0161ov povrtnjak u Istri \u2013 mjesto gdje svaka gredica ima svoju pri\u010du i svrhu. Prvi topliji dani iskori\u0161teni su za sjetvu i sadnju presadnica koje je sam uzgojio iz <a href=\"https:\/\/homeogarden.com\/hr\/eko-sjeme\/\">ekolo\u0161kog sjemena<\/a> <em>ECOSORTiA<\/em>, kao i za izravnu sjetvu u ve\u0107 pripremljenu <strong>organsku zemlju<\/strong>.<\/p><p>Na <strong>prvu gredicu <\/strong>posa\u0111en je rani crveni \u00a0krumpir koji je ve\u0107 u rano prolje\u0107e donio ukusne i svje\u017ee gomolje.<\/p><p><strong>Druga gredica<\/strong> namijenjena je tikvicama i patlid\u017eanima. Posa\u0111ene su dvije sadnice tikvica i dvije sadnice patlid\u017eana, dok je u procjep posijano organsko sjeme mrkve koje \u0107e postupno rasti uz tikvice i patlid\u017eane i u\u010dinkovito iskoristiti prostor.<\/p><p>Na <strong>tre\u0107oj gredici<\/strong> presa\u0111ene su prethodno uzgojene sadnice salate sorte <a href=\"https:\/\/homeogarden.com\/hr\/salata-otok-parris-rimska\/\">Pariss Island <\/a>, koje \u0107e vrt osvje\u017eiti hrskavim listovima. Osim salate, posa\u0111ene su i \u010detiri sadnice raj\u010dice, uzgojene tako\u0111er iz <strong>ekolo\u0161kog sjemen<\/strong>a, koje \u0107e tijekom cijele sezone biti bogat izvor vitamina i raznolikih boja.<\/p><p><strong>\u010cetvrta gredica<\/strong>\u00a0 posve\u0107ena je salati \u00a0<a href=\"https:\/\/homeogarden.com\/hr\/salata-majska-kraljica\/\">majska kraljica <\/a>\u00a0i \u017eutoj <strong>paprici<\/strong>. Sadnice su posa\u0111ene zajedno, jer se savr\u0161eno nadopunjuju i pru\u017eaju raznoliku berbu tijekom cijelog ljeta.<\/p><p>Na <strong>petoj gredici<\/strong> u prvim danima o\u017eujka posijan je <a href=\"https:\/\/homeogarden.com\/hr\/grasak-naborana-karina\/\">gra\u0161ak <\/a>koji \u0107e uskoro donijeti svje\u017eu i zdravu deliciju. Netom pored gra\u0161ka posa\u0111ene su sadnice salate <a href=\"https:\/\/homeogarden.com\/hr\/sjeme-salate-lollo-rossa\/\">Lollo Rossa<\/a>, koja je poznata po svojoj otpornosti na pu\u017eeve, \u0161to itekako olak\u0161ava brigu o vrtu. Naravno, na ovu gredicu dodano je i nekoliko sadnica raj\u010dice, koje \u0107e, zajedno s ostalim biljkama, pridonijeti bujnom i zdravom usjevu.<\/p><p><strong>Planiranom sadnjom i sjetvom stvoren je uravnote\u017een vrt koji omogu\u0107uje optimalno kori\u0161tenje prostora, osigurava zdravlje biljaka i proizvodnju ukusne, organski proizvedene hrane. Pa\u017eljivo uzgojene sadnice i promi\u0161ljena sjetva klju\u010d su uspjeha svakog vrtlara, posebno u istarskom vrtu, gdje se klima i tlo savr\u0161eno nadopunjuju za raznoliku proizvodnju.<\/strong><\/p>\t\t\t\t\t\t\t\t<\/div>\n\t\t\t\t<\/div>\n\t\t\t\t\t<\/div>\n\t\t<\/div>\n\t\t\t\t\t<\/div>\n\t\t<\/section>\n\t\t\t\t<section class=\"elementor-section elementor-top-section elementor-element elementor-element-52060f3e elementor-section-boxed elementor-section-height-default elementor-section-height-default\" data-id=\"52060f3e\" data-element_type=\"section\">\n\t\t\t\t\t\t<div class=\"elementor-container elementor-column-gap-default\">\n\t\t\t\t\t<div class=\"elementor-column elementor-col-100 elementor-top-column elementor-element elementor-element-77c06069\" data-id=\"77c06069\" data-element_type=\"column\">\n\t\t\t<div class=\"elementor-widget-wrap elementor-element-populated\">\n\t\t\t\t\t\t<div class=\"elementor-element elementor-element-8b15d75 elementor-widget elementor-widget-image\" data-id=\"8b15d75\" data-element_type=\"widget\" data-widget_type=\"image.default\">\n\t\t\t\t<div class=\"elementor-widget-container\">\n\t\t\t\t\t\t\t\t\t\t\t\t\t\t\t<img loading=\"lazy\" decoding=\"async\" width=\"985\" height=\"650\" src=\"https:\/\/homeogarden.com\/hr\/wp-content\/uploads\/sites\/3\/2025\/06\/plodored_povrca.jpg\" class=\"attachment-large size-large wp-image-172129\" alt=\"plodored povr\u0107a\" srcset=\"https:\/\/homeogarden.com\/hr\/wp-content\/uploads\/sites\/3\/2025\/06\/plodored_povrca.jpg 985w, https:\/\/homeogarden.com\/hr\/wp-content\/uploads\/sites\/3\/2025\/06\/plodored_povrca-768x507.jpg 768w, https:\/\/homeogarden.com\/hr\/wp-content\/uploads\/sites\/3\/2025\/06\/plodored_povrca-600x396.jpg 600w\" sizes=\"(max-width: 985px) 100vw, 985px\" \/>\t\t\t\t\t\t\t\t\t\t\t\t\t\t\t<\/div>\n\t\t\t\t<\/div>\n\t\t\t\t\t<\/div>\n\t\t<\/div>\n\t\t\t\t\t<\/div>\n\t\t<\/section>\n\t\t\t\t<section class=\"elementor-section elementor-top-section elementor-element elementor-element-247ba1ed elementor-section-boxed elementor-section-height-default elementor-section-height-default\" data-id=\"247ba1ed\" data-element_type=\"section\">\n\t\t\t\t\t\t<div class=\"elementor-container elementor-column-gap-default\">\n\t\t\t\t\t<div class=\"elementor-column elementor-col-100 elementor-top-column elementor-element elementor-element-2fd3fdf9\" data-id=\"2fd3fdf9\" data-element_type=\"column\">\n\t\t\t<div class=\"elementor-widget-wrap elementor-element-populated\">\n\t\t\t\t\t\t<div class=\"elementor-element elementor-element-5836a0fc elementor-widget elementor-widget-text-editor\" data-id=\"5836a0fc\" data-element_type=\"widget\" data-widget_type=\"text-editor.default\">\n\t\t\t\t<div class=\"elementor-widget-container\">\n\t\t\t\t\t\t\t\t\t<h3>Plodored povr\u0107a na istarskoj vrtnoj gredici<\/h3><p><strong>Plodored<\/strong> zna\u010di sustavno mijenjanje vrsta povr\u0107a na istom mjestu iz godine u godinu (ili unutar sezone) kako bi se sprije\u010dile bolesti, iscrpljivanje tla i pove\u0107ali prinosi. To je prirodan oblik odr\u017eavanja zdravog vrta.\u00a0 U nastavku \u0107emo ukratko ponoviti najosnovnije zna\u010dajke pridr\u017eavanja plodoreda.<\/p><p><strong>Za\u0161to je plodored va\u017ean?<\/strong><\/p><ol><li><strong>Sprje\u010dava bolesti i \u0161tetnike <\/strong>koji ostaju u tlu.<\/li><li><strong>\u010cuva plodnost tla<\/strong>, jer razli\u010dite biljke trebaju razli\u010dite hranjive tvari.<\/li><li><strong>Smanjuje potrebu za gnojidbom<\/strong> i kemijskim pripravcima.<\/li><li><strong>Poti\u010de ravnote\u017eu tla<\/strong> i zdrav razvoj biljaka.<\/li><\/ol><p><strong>Kako se nositi s plodoredom?<\/strong><\/p><p><strong>Biljke su klasificirane po skupinama<\/strong>:<\/p><ul><li><strong>Lisnato<\/strong> (zelena salata, \u0161pinat, blitva).<\/li><li><strong>Korijenski usjevi<\/strong> (mrkva, repa, rotkvica).<\/li><li><strong>Plodne biljke<\/strong> (raj\u010dica, paprika, tikvice).<\/li><li><strong>Mahunarke<\/strong> (gra\u0161ak, grah).<\/li><li><strong>Kupusnja\u010de<\/strong> (kupus, brokula, kelj).<\/li><\/ul><p><strong>Svake godine (ili sezone)<\/strong> sadimo drugu skupinu biljaka na grge\u010du.<\/p><ul><li>Nakon zelene salate (lisnatog povr\u0107a), koja tro\u0161i puno du\u0161ika, mo\u017ee se saditi mrkva<strong>, cikla ili rotkvica<\/strong>, jer im je potrebno manje du\u0161ika i ne podnose svje\u017eu gnojidbu.<\/li><li>Nakon mrkve, me\u0111utim, mo\u017ee do\u0107i <strong>plod<\/strong> koji \u0107emo obilno gnojiti organskim gnojivom.<\/li><li>Na kraju sijemo <strong>mahunarke<\/strong> koje oboga\u0107uju tlo du\u0161ikom.<\/li><\/ul><p><strong>Unutar godinu dana<\/strong> , nakon berbe salate, mo\u017eete:<\/p><ul><li>Posijte <strong>ciklu<\/strong>, <strong>ljetnu rotkvicu<\/strong>, <strong>niski grah<\/strong>, <strong>crnu rotkvicu<\/strong> ili <strong>kineski kupus<\/strong> (ako se bli\u017ei jesen).<\/li><\/ul><ol><li style=\"list-style-type: none\">\u00a0<\/li><\/ol>\t\t\t\t\t\t\t\t<\/div>\n\t\t\t\t<\/div>\n\t\t\t\t<div class=\"elementor-element elementor-element-21ead2a5 elementor-widget elementor-widget-image\" data-id=\"21ead2a5\" data-element_type=\"widget\" data-widget_type=\"image.default\">\n\t\t\t\t<div class=\"elementor-widget-container\">\n\t\t\t\t\t\t\t\t\t\t\t\t\t\t\t<img loading=\"lazy\" decoding=\"async\" width=\"985\" height=\"635\" src=\"https:\/\/homeogarden.com\/hr\/wp-content\/uploads\/sites\/3\/2025\/06\/posadeno_presadnice_povrca.jpg\" class=\"attachment-large size-large wp-image-172130\" alt=\"posa\u0111eno presadnice povr\u0107a\" srcset=\"https:\/\/homeogarden.com\/hr\/wp-content\/uploads\/sites\/3\/2025\/06\/posadeno_presadnice_povrca.jpg 985w, https:\/\/homeogarden.com\/hr\/wp-content\/uploads\/sites\/3\/2025\/06\/posadeno_presadnice_povrca-768x495.jpg 768w, https:\/\/homeogarden.com\/hr\/wp-content\/uploads\/sites\/3\/2025\/06\/posadeno_presadnice_povrca-600x387.jpg 600w\" sizes=\"(max-width: 985px) 100vw, 985px\" \/>\t\t\t\t\t\t\t\t\t\t\t\t\t\t\t<\/div>\n\t\t\t\t<\/div>\n\t\t\t\t\t<\/div>\n\t\t<\/div>\n\t\t\t\t\t<\/div>\n\t\t<\/section>\n\t\t<div class=\"elementor-element elementor-element-5ad81a9 e-flex e-con-boxed e-con e-parent\" data-id=\"5ad81a9\" data-element_type=\"container\">\n\t\t\t\t\t<div class=\"e-con-inner\">\n\t\t\t\t<div class=\"elementor-element elementor-element-15874e7 elementor-widget elementor-widget-homeo_blog_section\" data-id=\"15874e7\" data-element_type=\"widget\" data-widget_type=\"homeo_blog_section.default\">\n\t\t\t\t<div class=\"elementor-widget-container\">\n\t\t\t\t\t<div class=\"hm-blog-tip-holder\" style=\"background-image: url(\/wp-content\/themes\/flatsome-child\/img\/pattern_green.png);\"><span class=\"icon\"><img decoding=\"async\" src=\"\/wp-content\/themes\/flatsome-child\/img\/icons\/bulb.svg\"><\/span><div class=\"content\"><h3>Savjet za po\u010detak rada u praksi<\/h3><p>Nacrtajte cvjetnjake na komad papira i zapi\u0161ite koja je grupa bila gdje ove godine. Tako sljede\u0107e godine mo\u017eete jednostavno promijeniti redoslijed. Ako rotirate i unutar sezone (proljetno-jesenska sjetva), to dodatno smanjuje pritisak bolesti i \u0161tetnika.<\/p><\/div><\/div>\t\t\t\t<\/div>\n\t\t\t\t<\/div>\n\t\t\t\t\t<\/div>\n\t\t\t\t<\/div>\n\t\t\t\t<section class=\"elementor-section elementor-top-section elementor-element elementor-element-1956eaf3 elementor-section-boxed elementor-section-height-default elementor-section-height-default\" data-id=\"1956eaf3\" data-element_type=\"section\">\n\t\t\t\t\t\t<div class=\"elementor-container elementor-column-gap-default\">\n\t\t\t\t\t<div class=\"elementor-column elementor-col-100 elementor-top-column elementor-element elementor-element-3e3f872d\" data-id=\"3e3f872d\" data-element_type=\"column\">\n\t\t\t<div class=\"elementor-widget-wrap elementor-element-populated\">\n\t\t\t\t\t\t<div class=\"elementor-element elementor-element-692d975 elementor-widget elementor-widget-text-editor\" data-id=\"692d975\" data-element_type=\"widget\" data-widget_type=\"text-editor.default\">\n\t\t\t\t<div class=\"elementor-widget-container\">\n\t\t\t\t\t\t\t\t\t<h2>Cvije\u0107e u blizini povrtnjaka<\/h2><p>Iako je povrtnjak prvenstveno namijenjen proizvodnji hrane, <strong>cvije\u0107e <\/strong>\u00a0u njemu igra vrlo posebnu ulogu. Nije samo za ukra\u0161avanje \u2013 pravilnim odabirom<strong> privla\u010dimo korisne opra\u0161iva\u010de i prirodne neprijatelje \u0161tetnika<\/strong>, \u0161to zna\u010di zdraviji vrt i bolje prinose.<\/p><p><strong>Za\u0161to sijati cvije\u0107e me\u0111u povr\u0107em?<\/strong><\/p><ol><li><strong>Privla\u010di opra\u0161iva\u010de<\/strong> (p\u010dele, bumbare, leptire), koji pove\u0107avaju prinos u plodnim usjevima poput tikvica, krastavaca, raj\u010dice.<\/li><li><strong>Privla\u010di korisne insekte<\/strong> kao \u0161to su bubamare, parazitske ose koje poma\u017eu u suzbijanju \u0161tetnika (npr. lisnih u\u0161i).<\/li><li><strong>Odvra\u0107a neke \u0161teto\u010dine<\/strong> \u2013 neki cvjetovi djeluju kao repelent ili odvra\u0107aju \u0161tetnike od povr\u0107a.<\/li><\/ol><p>\u00a0<\/p><p><strong>Preporu\u010deno cvije\u0107e:<\/strong><\/p><ol><li><strong>Vrtni neven (Calendula officinalis)<\/strong> \u2013 svestrani pomaga\u010d, odbija lisne u\u0161i i \u0161tetnike u tlu, privla\u010di opra\u0161iva\u010de.<\/li><li><strong>Kadifica (Tagetes)<\/strong> \u2013 odbija \u017eice i nematode, dobro se sla\u017ee s raj\u010dicom i zelenom salatom.<\/li><li><strong>Kapucin (Tropaeolum majus)<\/strong> \u2013 odvra\u0107a lisne u\u0161i od drugih biljaka i jestiv je.<\/li><li>Razli\u010dak<strong> (Centaurea cyanus)<\/strong> \u2013 privla\u010di opra\u0161iva\u010de i uljep\u0161ava vrt.<\/li><li><a href=\"https:\/\/homeogarden.com\/hr\/mak-klasicni\/\">Poljski mak<\/a><strong> i <\/strong><a href=\"https:\/\/homeogarden.com\/hr\/kalifornijski-mak-2\/\">kalifornijski mak<\/a> \u2013 prirodni magnet za p\u010dele i leptire, izvrstan za biolo\u0161ku raznolikost.<\/li><\/ol>\t\t\t\t\t\t\t\t<\/div>\n\t\t\t\t<\/div>\n\t\t\t\t\t<\/div>\n\t\t<\/div>\n\t\t\t\t\t<\/div>\n\t\t<\/section>\n\t\t<div class=\"elementor-element elementor-element-7b516d9 e-flex e-con-boxed e-con e-parent\" data-id=\"7b516d9\" data-element_type=\"container\">\n\t\t\t\t\t<div class=\"e-con-inner\">\n\t\t\t\t<div class=\"elementor-element elementor-element-6634ff3 elementor-widget elementor-widget-image\" data-id=\"6634ff3\" data-element_type=\"widget\" data-widget_type=\"image.default\">\n\t\t\t\t<div class=\"elementor-widget-container\">\n\t\t\t\t\t\t\t\t\t\t\t\t\t\t\t<img loading=\"lazy\" decoding=\"async\" width=\"985\" height=\"739\" src=\"https:\/\/homeogarden.com\/hr\/wp-content\/uploads\/sites\/3\/2025\/06\/cvijece_uz_vrta.jpg\" class=\"attachment-large size-large wp-image-172131\" alt=\"cvje\u0107e u vrtu\" srcset=\"https:\/\/homeogarden.com\/hr\/wp-content\/uploads\/sites\/3\/2025\/06\/cvijece_uz_vrta.jpg 985w, https:\/\/homeogarden.com\/hr\/wp-content\/uploads\/sites\/3\/2025\/06\/cvijece_uz_vrta-768x576.jpg 768w, https:\/\/homeogarden.com\/hr\/wp-content\/uploads\/sites\/3\/2025\/06\/cvijece_uz_vrta-600x450.jpg 600w\" sizes=\"(max-width: 985px) 100vw, 985px\" \/>\t\t\t\t\t\t\t\t\t\t\t\t\t\t\t<\/div>\n\t\t\t\t<\/div>\n\t\t\t\t\t<\/div>\n\t\t\t\t<\/div>\n\t\t<div class=\"elementor-element elementor-element-d5c2a3e e-flex e-con-boxed e-con e-parent\" data-id=\"d5c2a3e\" data-element_type=\"container\">\n\t\t\t\t\t<div class=\"e-con-inner\">\n\t\t\t\t<div class=\"elementor-element elementor-element-a4a7a6f elementor-widget elementor-widget-homeo_blog_section\" data-id=\"a4a7a6f\" data-element_type=\"widget\" data-widget_type=\"homeo_blog_section.default\">\n\t\t\t\t<div class=\"elementor-widget-container\">\n\t\t\t\t\t<div class=\"hm-blog-tip-holder\" style=\"background-image: url(\/wp-content\/themes\/flatsome-child\/img\/pattern_green.png);\"><span class=\"icon\"><img decoding=\"async\" src=\"\/wp-content\/themes\/flatsome-child\/img\/icons\/bulb.svg\"><\/span><div class=\"content\"><h3>Savjet<\/h3><p>Cvije\u0107e se sije izme\u0111u redova povr\u0107a ili na rubove cvjetnjaka kako ne bi zauzimalo previ\u0161e prostora, ve\u0107 istodobno obavljalo svoju funkciju. Neki se cvjetovi mogu izrezati i u vazu \u2013 ali i dalje koriste vrtu.\n<\/p><\/div><\/div>\t\t\t\t<\/div>\n\t\t\t\t<\/div>\n\t\t\t\t\t<\/div>\n\t\t\t\t<\/div>\n\t\t\t\t<section class=\"elementor-section elementor-top-section elementor-element elementor-element-28afa61c elementor-section-boxed elementor-section-height-default elementor-section-height-default\" data-id=\"28afa61c\" data-element_type=\"section\">\n\t\t\t\t\t\t<div class=\"elementor-container elementor-column-gap-default\">\n\t\t\t\t\t<div class=\"elementor-column elementor-col-100 elementor-top-column elementor-element elementor-element-3860ab37\" data-id=\"3860ab37\" data-element_type=\"column\">\n\t\t\t<div class=\"elementor-widget-wrap elementor-element-populated\">\n\t\t\t\t\t\t<div class=\"elementor-element elementor-element-dcf8416 elementor-widget elementor-widget-text-editor\" data-id=\"dcf8416\" data-element_type=\"widget\" data-widget_type=\"text-editor.default\">\n\t\t\t\t<div class=\"elementor-widget-container\">\n\t\t\t\t\t\t\t\t\t<h2>Korisne \u017eivotinje u istarskom vrtu<\/h2><p>Istarski vrt ne njegujemo samo Ale\u0161ova obitelj \u2013\u00a0 u njemu sudjeluju i mnoge <strong>korisne \u017eivotinje<\/strong> koje svakodnevno poma\u017eu u odr\u017eavanju prirodne ravnote\u017ee. \u017daba\u00a0 je no\u0107u uo\u010dena kako lovi pu\u017eeve i druge ne\u017eeljene goste. Ponekad u posjet navrati i <strong>\u00a0sljepi\u0107<\/strong>, neopasan stanovnik prirode koji poma\u017ee u kontroli populacije glodavaca.<\/p><p>Razne <strong>ptice<\/strong> redovito posje\u0107uju vrt, gdje skupljaju \u017ei\u010dnjake, gusjenice i ostale \u0161tetne kukce. Njihovo pjevanje i prisutnost neprocjenjiv su dio na\u0161eg prirodnog vrtlarstva.<\/p><p>A budu\u0107i da svaki vrt treba svog vjernog pratitelja,\u00a0 Ale\u0161ov <strong>pas July tako\u0111er vrtlari u vrtu <\/strong>\u00a0\u2013 to je znati\u017eeljni pomo\u0107nik, koji promatra svaki vlasnikov pokret i u\u017eiva u prirodi.<\/p><p>Zajedno s biljkama, \u017eivotinjama i prirodnim pripravcima gradimo <strong>odr\u017eiv, zdrav i \u017eivahan vrt <\/strong>u kojem svatko ima svoju ulogu.<\/p>\t\t\t\t\t\t\t\t<\/div>\n\t\t\t\t<\/div>\n\t\t\t\t\t<\/div>\n\t\t<\/div>\n\t\t\t\t\t<\/div>\n\t\t<\/section>\n\t\t<div class=\"elementor-element elementor-element-e81578b e-flex e-con-boxed e-con e-parent\" data-id=\"e81578b\" data-element_type=\"container\">\n\t\t\t\t\t<div class=\"e-con-inner\">\n\t\t\t\t<div class=\"elementor-element elementor-element-60292eb elementor-widget elementor-widget-image\" data-id=\"60292eb\" data-element_type=\"widget\" data-widget_type=\"image.default\">\n\t\t\t\t<div class=\"elementor-widget-container\">\n\t\t\t\t\t\t\t\t\t\t\t\t\t\t\t<img loading=\"lazy\" decoding=\"async\" width=\"985\" height=\"739\" src=\"https:\/\/homeogarden.com\/hr\/wp-content\/uploads\/sites\/3\/2025\/06\/zicnjaci-u-vrtu.jpg\" class=\"attachment-large size-large wp-image-172132\" alt=\"\u017ei\u010dnjaci u vrtu\" srcset=\"https:\/\/homeogarden.com\/hr\/wp-content\/uploads\/sites\/3\/2025\/06\/zicnjaci-u-vrtu.jpg 985w, https:\/\/homeogarden.com\/hr\/wp-content\/uploads\/sites\/3\/2025\/06\/zicnjaci-u-vrtu-768x576.jpg 768w, https:\/\/homeogarden.com\/hr\/wp-content\/uploads\/sites\/3\/2025\/06\/zicnjaci-u-vrtu-600x450.jpg 600w\" sizes=\"(max-width: 985px) 100vw, 985px\" \/>\t\t\t\t\t\t\t\t\t\t\t\t\t\t\t<\/div>\n\t\t\t\t<\/div>\n\t\t\t\t\t<\/div>\n\t\t\t\t<\/div>\n\t\t\t\t<section class=\"elementor-section elementor-top-section elementor-element elementor-element-4cbf3767 elementor-section-boxed elementor-section-height-default elementor-section-height-default\" data-id=\"4cbf3767\" data-element_type=\"section\">\n\t\t\t\t\t\t<div class=\"elementor-container elementor-column-gap-default\">\n\t\t\t\t\t<div class=\"elementor-column elementor-col-100 elementor-top-column elementor-element elementor-element-2ec99ade\" data-id=\"2ec99ade\" data-element_type=\"column\">\n\t\t\t<div class=\"elementor-widget-wrap elementor-element-populated\">\n\t\t\t\t\t\t<div class=\"elementor-element elementor-element-ebe9706 elementor-widget elementor-widget-text-editor\" data-id=\"ebe9706\" data-element_type=\"widget\" data-widget_type=\"text-editor.default\">\n\t\t\t\t<div class=\"elementor-widget-container\">\n\t\t\t\t\t\t\t\t\t<h2>Najve\u0107e dostignu\u0107e istarskog vrta \u2013 priroda nas je ostavila otvorenih usta!<\/h2><p>Kada vrtlarite s ljubavlju, visokokvalitetnim <strong>organskim tlom od kokosovih vlakana<\/strong>, promi\u0161ljenom <strong>organskom gnojidbom<\/strong> i\u00a0 podr\u0161kom <strong>mikorize<\/strong>, usjev prema\u0161uje o\u010dekivanja. U istarskom vrtu do\u017eivjeli smo vlastitim o\u010dima \u00a0koliko je uspje\u0161no organsko vrtlarenje \u2013 i to na vagi!<\/p><p>Jedna glavica\u00a0 salate <strong>Paris Island <\/strong>\u00a0dosegla je nevjerojatnih <strong>1,243 g<\/strong>! Bez kemije, bez umjetnih pospje\u0161iva\u010da rasta \u2013 samo snagom prirode, pravilnom pripremom tla i odabirom kvalitetnog organskog sjemena.<\/p><p>Ovakvi trenuci podsje\u0107aju nas <strong>za\u0161to vrtlarimo organski \u2013<\/strong> jer nam zemlja vra\u0107a ono \u0161to smo u nju ulo\u017eili. I jo\u0161 mnogo toga.<\/p>\t\t\t\t\t\t\t\t<\/div>\n\t\t\t\t<\/div>\n\t\t\t\t\t<\/div>\n\t\t<\/div>\n\t\t\t\t\t<\/div>\n\t\t<\/section>\n\t\t\t\t<section class=\"elementor-section elementor-top-section elementor-element elementor-element-56adaed4 elementor-section-boxed elementor-section-height-default elementor-section-height-default\" data-id=\"56adaed4\" data-element_type=\"section\">\n\t\t\t\t\t\t<div class=\"elementor-container elementor-column-gap-default\">\n\t\t\t\t\t<div class=\"elementor-column elementor-col-100 elementor-top-column elementor-element elementor-element-bdb9a7a\" data-id=\"bdb9a7a\" data-element_type=\"column\">\n\t\t\t<div class=\"elementor-widget-wrap elementor-element-populated\">\n\t\t\t\t\t\t<div class=\"elementor-element elementor-element-1d92767 elementor-widget elementor-widget-image\" data-id=\"1d92767\" data-element_type=\"widget\" data-widget_type=\"image.default\">\n\t\t\t\t<div class=\"elementor-widget-container\">\n\t\t\t\t\t\t\t\t\t\t\t\t\t\t\t<img loading=\"lazy\" decoding=\"async\" width=\"985\" height=\"739\" src=\"https:\/\/homeogarden.com\/hr\/wp-content\/uploads\/sites\/3\/2025\/06\/zelena-salata.jpg\" class=\"attachment-large size-large wp-image-172133\" alt=\"zelena salata\" srcset=\"https:\/\/homeogarden.com\/hr\/wp-content\/uploads\/sites\/3\/2025\/06\/zelena-salata.jpg 985w, https:\/\/homeogarden.com\/hr\/wp-content\/uploads\/sites\/3\/2025\/06\/zelena-salata-768x576.jpg 768w, https:\/\/homeogarden.com\/hr\/wp-content\/uploads\/sites\/3\/2025\/06\/zelena-salata-600x450.jpg 600w\" sizes=\"(max-width: 985px) 100vw, 985px\" \/>\t\t\t\t\t\t\t\t\t\t\t\t\t\t\t<\/div>\n\t\t\t\t<\/div>\n\t\t\t\t\t<\/div>\n\t\t<\/div>\n\t\t\t\t\t<\/div>\n\t\t<\/section>\n\t\t\t\t<section class=\"elementor-section elementor-top-section elementor-element elementor-element-614847e3 elementor-section-boxed elementor-section-height-default elementor-section-height-default\" data-id=\"614847e3\" data-element_type=\"section\">\n\t\t\t\t\t\t<div class=\"elementor-container elementor-column-gap-default\">\n\t\t\t\t\t<div class=\"elementor-column elementor-col-100 elementor-top-column elementor-element elementor-element-500ee98a\" data-id=\"500ee98a\" data-element_type=\"column\">\n\t\t\t<div class=\"elementor-widget-wrap elementor-element-populated\">\n\t\t\t\t\t\t<div class=\"elementor-element elementor-element-6cd6a047 elementor-widget elementor-widget-text-editor\" data-id=\"6cd6a047\" data-element_type=\"widget\" data-widget_type=\"text-editor.default\">\n\t\t\t\t<div class=\"elementor-widget-container\">\n\t\t\t\t\t\t\t\t\t<h2>Ljeto u istarskom vrtu: berba usjeva i o\u010duvanje vlage u tlu<\/h2><p>U istarskom vrtu vrijeme je za prvu veliku berbu \u2013 Ale\u0161 je iz zemlje pa\u017eljivo iskopao\u00a0 <strong>crveni mladi krumpir<\/strong> koji je sazrio u laganom, suncem izlo\u017eenom tlu. Tako\u0111er je ubrao <strong>\u00a0razne salate<\/strong>, slatki, hrskavi <strong>gra\u0161ak<\/strong> i\u00a0 <strong>prve zelene tikvice<\/strong> koje su rasle unato\u010d nepredvidivom vremenu. Osim toga, sa svakim usjevom koji je pobran i bri\u017eno obra\u0111en i uskladi\u0161ten, osloba\u0111a se sve vi\u0161e slobodnih povr\u0161ina u gredicama, \u0161to tako\u0111er zna\u010di vi\u0161e <strong>izlaganje suncu<\/strong> i posljedi\u010dno br\u017ee <strong>\u00a0isparavanja vlage iz tla<\/strong>.<\/p><p>Zato, oko preostalih biljaka raj\u010dice, paprike i tikvica, povr\u0161inski je dodan organski <a href=\"https:\/\/homeogarden.com\/hr\/zemlja\/dekorativna-kora1\/\"><strong>\u00a0vrtni mal\u010d<\/strong><\/a> od kokosove kore. Ovaj prirodni mal\u010d ne samo da \u0161titi od isu\u0161ivanja, ve\u0107 i <strong>sprje\u010dava rast korova<\/strong>, regulira temperaturu tla i poti\u010de mikrobiolo\u0161ku aktivnost, \u0161to dugoro\u010dno pobolj\u0161ava strukturu i plodnost tla.<\/p><p>Osim toga, mal\u010d poma\u017ee pobolj\u0161ati <strong>rast biljaka<\/strong> oko kojih se postavi, \u00a0jer stvara stabilne uvjete za korijenje. Prilikom ljetnih vru\u0107ina to je posebno va\u017eno \u2013 tlo ispod mal\u010da ostaje<strong> vla\u017eno<\/strong> i <strong>hladno<\/strong>, \u0161to zna\u010di <strong>manje zalijevanja<\/strong> i <strong>zdravije biljke<\/strong><\/p>\t\t\t\t\t\t\t\t<\/div>\n\t\t\t\t<\/div>\n\t\t\t\t\t<\/div>\n\t\t<\/div>\n\t\t\t\t\t<\/div>\n\t\t<\/section>\n\t\t<div class=\"elementor-element elementor-element-106dc30 e-flex e-con-boxed e-con e-parent\" data-id=\"106dc30\" data-element_type=\"container\">\n\t\t\t\t\t<div class=\"e-con-inner\">\n\t\t\t\t<div class=\"elementor-element elementor-element-73c3d0b elementor-widget elementor-widget-homeo_blog_section\" data-id=\"73c3d0b\" data-element_type=\"widget\" data-widget_type=\"homeo_blog_section.default\">\n\t\t\t\t<div class=\"elementor-widget-container\">\n\t\t\t\t\t<div class=\"hm-blog-tip-holder\" style=\"background-image: url(\/wp-content\/themes\/flatsome-child\/img\/pattern_crem.png);\"><span class=\"icon\"><img decoding=\"async\" src=\"\/wp-content\/themes\/flatsome-child\/img\/icons\/trik.svg\"><\/span><div class=\"content\"><h3>Prakti\u010dni savjeti<\/h3><p>Nakon svake ve\u0107e berbe usjeva, odvojite vrijeme za promatranje tla i biljaka. Ako primijetite da se tlo brzo su\u0161i ili puca, to je siguran znak da bi mal\u010diranje koristilo. Kokosova kora je lagana, prozra\u010dna i pokazala se kao dugotrajno rje\u0161enje koje ne samo da \u0161titi, ve\u0107 i hrani va\u0161 vrt.\n<\/p><\/div><\/div>\t\t\t\t<\/div>\n\t\t\t\t<\/div>\n\t\t\t\t\t<\/div>\n\t\t\t\t<\/div>\n\t\t<div class=\"elementor-element elementor-element-adb23b7 e-flex e-con-boxed e-con e-parent\" data-id=\"adb23b7\" data-element_type=\"container\">\n\t\t\t\t\t<div class=\"e-con-inner\">\n\t\t\t\t<div class=\"elementor-element elementor-element-bee5218 elementor-widget elementor-widget-image\" data-id=\"bee5218\" data-element_type=\"widget\" data-widget_type=\"image.default\">\n\t\t\t\t<div class=\"elementor-widget-container\">\n\t\t\t\t\t\t\t\t\t\t\t\t\t\t\t<img loading=\"lazy\" decoding=\"async\" width=\"985\" height=\"665\" src=\"https:\/\/homeogarden.com\/hr\/wp-content\/uploads\/sites\/3\/2025\/06\/dekorativna-kora.jpg\" class=\"attachment-large size-large wp-image-172134\" alt=\"dekorativna kora\" srcset=\"https:\/\/homeogarden.com\/hr\/wp-content\/uploads\/sites\/3\/2025\/06\/dekorativna-kora.jpg 985w, https:\/\/homeogarden.com\/hr\/wp-content\/uploads\/sites\/3\/2025\/06\/dekorativna-kora-768x518.jpg 768w, https:\/\/homeogarden.com\/hr\/wp-content\/uploads\/sites\/3\/2025\/06\/dekorativna-kora-600x405.jpg 600w\" sizes=\"(max-width: 985px) 100vw, 985px\" \/>\t\t\t\t\t\t\t\t\t\t\t\t\t\t\t<\/div>\n\t\t\t\t<\/div>\n\t\t\t\t\t<\/div>\n\t\t\t\t<\/div>\n\t\t\t\t<section class=\"elementor-section elementor-top-section elementor-element elementor-element-38c16296 elementor-section-boxed elementor-section-height-default elementor-section-height-default\" data-id=\"38c16296\" data-element_type=\"section\">\n\t\t\t\t\t\t<div class=\"elementor-container elementor-column-gap-default\">\n\t\t\t\t\t<div class=\"elementor-column elementor-col-100 elementor-top-column elementor-element elementor-element-3d7d5a0a\" data-id=\"3d7d5a0a\" data-element_type=\"column\">\n\t\t\t<div class=\"elementor-widget-wrap elementor-element-populated\">\n\t\t\t\t\t\t<div class=\"elementor-element elementor-element-dece458 elementor-widget elementor-widget-text-editor\" data-id=\"dece458\" data-element_type=\"widget\" data-widget_type=\"text-editor.default\">\n\t\t\t\t<div class=\"elementor-widget-container\">\n\t\t\t\t\t\t\t\t\t<p><strong>U prvom dijelu razgovora s Ale\u0161om upoznali smo se s osnovnim principima ekolo\u0161kog vrtlarenja prilago\u0111enima istarskom podneblju. Pokazao nam je kako po\u0161tivanjem prirodnih ciklusa ne iscrpljujemo tlo, ve\u0107 ga postupno ja\u010damo i obnavljamo, oslanjaju\u0107i se na filozofiju koja vjeruje u snagu prirodnih rje\u0161enja. Organsko vrtlarenje koje Ale\u0161 prakticira nije samo na\u010din uzgoja hrane, ve\u0107 i \u017eivotna filozofija \u2013 poveznica izme\u0111u \u010dovjeka i prirode.<\/strong><\/p><p><strong>U nastavku na\u0161eg obilaska, zaronit \u0107emo jo\u0161 dublje u prakti\u010dne aspekte ovakvog pristupa vrtlarstvu. Prou\u010dit \u0107emo princip kompostiranja, prirodnoj za\u0161titi bilja te jednostavnim, ali u\u010dinkovitim trikovima za uspje\u0161an organski vrt \u2013 neovisno o njegovoj veli\u010dini.<\/strong><\/p>\t\t\t\t\t\t\t\t<\/div>\n\t\t\t\t<\/div>\n\t\t\t\t\t<\/div>\n\t\t<\/div>\n\t\t\t\t\t<\/div>\n\t\t<\/section>\n\t\t\t\t<\/div>\n\t\t","protected":false},"excerpt":{"rendered":"<p>Vrtlarstvo nije samo hobi \u2013 to je na\u010din \u017eivota koji nas povezuje s prirodom, opu\u0161ta i daje osje\u0107aj postignu\u0107a. Svje\u017ee povr\u0107e koje sami uzgajamo je ukusnije, hranjivije i bez kemikalija. Upoznajte Ale\u0161a, jednog od za\u010detnika HomeOgardena, i zavirite u njegov ekolo\u0161ki povrtnjak u Istri. Sve je zapo\u010delo prije vi\u0161e od 20 godina, kada su Ale\u0161 [&#8230;]\n","protected":false},"author":2,"featured_media":172138,"comment_status":"open","ping_status":"open","sticky":false,"template":"","format":"standard","meta":{"_acf_changed":false,"footnotes":""},"categories":[36],"tags":[],"class_list":["post-172120","post","type-post","status-publish","format-standard","has-post-thumbnail","hentry","category-savjeti"],"acf":[],"yoast_head":"<!-- This site is optimized with the Yoast SEO Premium plugin v24.0 (Yoast SEO v26.0) - https:\/\/yoast.com\/wordpress\/plugins\/seo\/ -->\n<title>Sezonski radovi u ekoloskom vrtu s alesem-prvi dio - Homeogarden<\/title>\n<meta name=\"description\" content=\"Organsko vrtlarenje s Ale\u0161em - prirodno, odr\u017eivo i bez kemikalija - s naglaskom na zdravo tlo, prirodnu ravnote\u017eu i doma\u0107u proizvodnju hrane.\" \/>\n<meta name=\"robots\" content=\"index, follow, max-snippet:-1, max-image-preview:large, max-video-preview:-1\" \/>\n<link rel=\"canonical\" href=\"https:\/\/homeogarden.com\/hr\/savjeti\/sezonski-radovi-u-ekoloskom-vrtu-s-alesem-prvi-dio\/\" \/>\n<meta property=\"og:locale\" content=\"hr_HR\" \/>\n<meta property=\"og:type\" content=\"article\" \/>\n<meta property=\"og:title\" content=\"Sezonski radovi u ekolo\u0161kom vrtu s Ale\u0161em \u2013 prvi dio\" \/>\n<meta property=\"og:description\" content=\"Organsko vrtlarenje s Ale\u0161em - prirodno, odr\u017eivo i bez kemikalija - s naglaskom na zdravo tlo, prirodnu ravnote\u017eu i doma\u0107u proizvodnju hrane.\" \/>\n<meta property=\"og:url\" content=\"https:\/\/homeogarden.com\/hr\/savjeti\/sezonski-radovi-u-ekoloskom-vrtu-s-alesem-prvi-dio\/\" \/>\n<meta property=\"og:site_name\" content=\"Homeogarden\" \/>\n<meta property=\"article:publisher\" content=\"https:\/\/www.facebook.com\/homeOgardenHR\" \/>\n<meta property=\"article:published_time\" content=\"2025-06-20T06:33:26+00:00\" \/>\n<meta property=\"og:image\" content=\"https:\/\/homeogarden.com\/hr\/wp-content\/uploads\/sites\/3\/2025\/06\/20250517_111039.jpg\" \/>\n\t<meta property=\"og:image:width\" content=\"1600\" \/>\n\t<meta property=\"og:image:height\" content=\"1200\" \/>\n\t<meta property=\"og:image:type\" content=\"image\/jpeg\" \/>\n<meta name=\"author\" content=\"sandra\" \/>\n<meta name=\"twitter:card\" content=\"summary_large_image\" \/>\n<meta name=\"twitter:label1\" content=\"Napisao\/la\" \/>\n\t<meta name=\"twitter:data1\" content=\"sandra\" \/>\n\t<meta name=\"twitter:label2\" content=\"Procijenjeno vrijeme \u010ditanja\" \/>\n\t<meta name=\"twitter:data2\" content=\"15 minuta\" \/>\n<script type=\"application\/ld+json\" class=\"yoast-schema-graph\">{\"@context\":\"https:\/\/schema.org\",\"@graph\":[{\"@type\":\"Article\",\"@id\":\"https:\/\/homeogarden.com\/hr\/savjeti\/sezonski-radovi-u-ekoloskom-vrtu-s-alesem-prvi-dio\/#article\",\"isPartOf\":{\"@id\":\"https:\/\/homeogarden.com\/hr\/savjeti\/sezonski-radovi-u-ekoloskom-vrtu-s-alesem-prvi-dio\/\"},\"author\":{\"name\":\"sandra\",\"@id\":\"https:\/\/homeogarden.com\/hr\/#\/schema\/person\/a17dbd5aa9ec13f6f675cc7ed014673d\"},\"headline\":\"Sezonski radovi u ekolo\u0161kom vrtu s Ale\u0161em \u2013 prvi dio\",\"datePublished\":\"2025-06-20T06:33:26+00:00\",\"mainEntityOfPage\":{\"@id\":\"https:\/\/homeogarden.com\/hr\/savjeti\/sezonski-radovi-u-ekoloskom-vrtu-s-alesem-prvi-dio\/\"},\"wordCount\":2431,\"commentCount\":0,\"publisher\":{\"@id\":\"https:\/\/homeogarden.com\/hr\/#organization\"},\"image\":{\"@id\":\"https:\/\/homeogarden.com\/hr\/savjeti\/sezonski-radovi-u-ekoloskom-vrtu-s-alesem-prvi-dio\/#primaryimage\"},\"thumbnailUrl\":\"https:\/\/homeogarden.com\/hr\/wp-content\/uploads\/sites\/3\/2025\/06\/20250517_111039.jpg\",\"articleSection\":[\"Savjeti\"],\"inLanguage\":\"hr\",\"potentialAction\":[{\"@type\":\"CommentAction\",\"name\":\"Comment\",\"target\":[\"https:\/\/homeogarden.com\/hr\/savjeti\/sezonski-radovi-u-ekoloskom-vrtu-s-alesem-prvi-dio\/#respond\"]}]},{\"@type\":\"WebPage\",\"@id\":\"https:\/\/homeogarden.com\/hr\/savjeti\/sezonski-radovi-u-ekoloskom-vrtu-s-alesem-prvi-dio\/\",\"url\":\"https:\/\/homeogarden.com\/hr\/savjeti\/sezonski-radovi-u-ekoloskom-vrtu-s-alesem-prvi-dio\/\",\"name\":\"Sezonski radovi u ekoloskom vrtu s alesem-prvi dio - Homeogarden\",\"isPartOf\":{\"@id\":\"https:\/\/homeogarden.com\/hr\/#website\"},\"primaryImageOfPage\":{\"@id\":\"https:\/\/homeogarden.com\/hr\/savjeti\/sezonski-radovi-u-ekoloskom-vrtu-s-alesem-prvi-dio\/#primaryimage\"},\"image\":{\"@id\":\"https:\/\/homeogarden.com\/hr\/savjeti\/sezonski-radovi-u-ekoloskom-vrtu-s-alesem-prvi-dio\/#primaryimage\"},\"thumbnailUrl\":\"https:\/\/homeogarden.com\/hr\/wp-content\/uploads\/sites\/3\/2025\/06\/20250517_111039.jpg\",\"datePublished\":\"2025-06-20T06:33:26+00:00\",\"description\":\"Organsko vrtlarenje s Ale\u0161em - prirodno, odr\u017eivo i bez kemikalija - s naglaskom na zdravo tlo, prirodnu ravnote\u017eu i doma\u0107u proizvodnju hrane.\",\"breadcrumb\":{\"@id\":\"https:\/\/homeogarden.com\/hr\/savjeti\/sezonski-radovi-u-ekoloskom-vrtu-s-alesem-prvi-dio\/#breadcrumb\"},\"inLanguage\":\"hr\",\"potentialAction\":[{\"@type\":\"ReadAction\",\"target\":[\"https:\/\/homeogarden.com\/hr\/savjeti\/sezonski-radovi-u-ekoloskom-vrtu-s-alesem-prvi-dio\/\"]}]},{\"@type\":\"ImageObject\",\"inLanguage\":\"hr\",\"@id\":\"https:\/\/homeogarden.com\/hr\/savjeti\/sezonski-radovi-u-ekoloskom-vrtu-s-alesem-prvi-dio\/#primaryimage\",\"url\":\"https:\/\/homeogarden.com\/hr\/wp-content\/uploads\/sites\/3\/2025\/06\/20250517_111039.jpg\",\"contentUrl\":\"https:\/\/homeogarden.com\/hr\/wp-content\/uploads\/sites\/3\/2025\/06\/20250517_111039.jpg\",\"width\":1600,\"height\":1200,\"caption\":\"sezonski radovi u vrtu\"},{\"@type\":\"BreadcrumbList\",\"@id\":\"https:\/\/homeogarden.com\/hr\/savjeti\/sezonski-radovi-u-ekoloskom-vrtu-s-alesem-prvi-dio\/#breadcrumb\",\"itemListElement\":[{\"@type\":\"ListItem\",\"position\":1,\"name\":\"Po\u010detna\",\"item\":\"https:\/\/homeogarden.com\/hr\/\"},{\"@type\":\"ListItem\",\"position\":2,\"name\":\"Sezonski radovi u ekolo\u0161kom vrtu s Ale\u0161em \u2013 prvi dio\"}]},{\"@type\":\"WebSite\",\"@id\":\"https:\/\/homeogarden.com\/hr\/#website\",\"url\":\"https:\/\/homeogarden.com\/hr\/\",\"name\":\"Homeogarden.com\",\"description\":\"Stvaramo prirodni okoli\u0161\",\"publisher\":{\"@id\":\"https:\/\/homeogarden.com\/hr\/#organization\"},\"potentialAction\":[{\"@type\":\"SearchAction\",\"target\":{\"@type\":\"EntryPoint\",\"urlTemplate\":\"https:\/\/homeogarden.com\/hr\/?s={search_term_string}\"},\"query-input\":{\"@type\":\"PropertyValueSpecification\",\"valueRequired\":true,\"valueName\":\"search_term_string\"}}],\"inLanguage\":\"hr\"},{\"@type\":\"Organization\",\"@id\":\"https:\/\/homeogarden.com\/hr\/#organization\",\"name\":\"Homeogarden\",\"url\":\"https:\/\/homeogarden.com\/hr\/\",\"logo\":{\"@type\":\"ImageObject\",\"inLanguage\":\"hr\",\"@id\":\"https:\/\/homeogarden.com\/hr\/#\/schema\/logo\/image\/\",\"url\":\"https:\/\/homeogarden.com\/hr\/wp-content\/uploads\/sites\/3\/2024\/12\/HomeOgarden-logo.jpg\",\"contentUrl\":\"https:\/\/homeogarden.com\/hr\/wp-content\/uploads\/sites\/3\/2024\/12\/HomeOgarden-logo.jpg\",\"width\":1200,\"height\":1200,\"caption\":\"Homeogarden\"},\"image\":{\"@id\":\"https:\/\/homeogarden.com\/hr\/#\/schema\/logo\/image\/\"},\"sameAs\":[\"https:\/\/www.facebook.com\/homeOgardenHR\"]},{\"@type\":\"Person\",\"@id\":\"https:\/\/homeogarden.com\/hr\/#\/schema\/person\/a17dbd5aa9ec13f6f675cc7ed014673d\",\"name\":\"sandra\",\"image\":{\"@type\":\"ImageObject\",\"inLanguage\":\"hr\",\"@id\":\"https:\/\/homeogarden.com\/hr\/#\/schema\/person\/image\/\",\"url\":\"https:\/\/secure.gravatar.com\/avatar\/c9380064dce32326392135d323cf5043?s=96&d=mm&r=g\",\"contentUrl\":\"https:\/\/secure.gravatar.com\/avatar\/c9380064dce32326392135d323cf5043?s=96&d=mm&r=g\",\"caption\":\"sandra\"},\"url\":\"https:\/\/homeogarden.com\/hr\/author\/vnos\/\"}]}<\/script>\n<!-- \/ Yoast SEO Premium plugin. -->","yoast_head_json":{"title":"Sezonski radovi u ekoloskom vrtu s alesem-prvi dio - Homeogarden","description":"Organsko vrtlarenje s Ale\u0161em - prirodno, odr\u017eivo i bez kemikalija - s naglaskom na zdravo tlo, prirodnu ravnote\u017eu i doma\u0107u proizvodnju hrane.","robots":{"index":"index","follow":"follow","max-snippet":"max-snippet:-1","max-image-preview":"max-image-preview:large","max-video-preview":"max-video-preview:-1"},"canonical":"https:\/\/homeogarden.com\/hr\/savjeti\/sezonski-radovi-u-ekoloskom-vrtu-s-alesem-prvi-dio\/","og_locale":"hr_HR","og_type":"article","og_title":"Sezonski radovi u ekolo\u0161kom vrtu s Ale\u0161em \u2013 prvi dio","og_description":"Organsko vrtlarenje s Ale\u0161em - prirodno, odr\u017eivo i bez kemikalija - s naglaskom na zdravo tlo, prirodnu ravnote\u017eu i doma\u0107u proizvodnju hrane.","og_url":"https:\/\/homeogarden.com\/hr\/savjeti\/sezonski-radovi-u-ekoloskom-vrtu-s-alesem-prvi-dio\/","og_site_name":"Homeogarden","article_publisher":"https:\/\/www.facebook.com\/homeOgardenHR","article_published_time":"2025-06-20T06:33:26+00:00","og_image":[{"width":1600,"height":1200,"url":"https:\/\/homeogarden.com\/hr\/wp-content\/uploads\/sites\/3\/2025\/06\/20250517_111039.jpg","type":"image\/jpeg"}],"author":"sandra","twitter_card":"summary_large_image","twitter_misc":{"Napisao\/la":"sandra","Procijenjeno vrijeme \u010ditanja":"15 minuta"},"schema":{"@context":"https:\/\/schema.org","@graph":[{"@type":"Article","@id":"https:\/\/homeogarden.com\/hr\/savjeti\/sezonski-radovi-u-ekoloskom-vrtu-s-alesem-prvi-dio\/#article","isPartOf":{"@id":"https:\/\/homeogarden.com\/hr\/savjeti\/sezonski-radovi-u-ekoloskom-vrtu-s-alesem-prvi-dio\/"},"author":{"name":"sandra","@id":"https:\/\/homeogarden.com\/hr\/#\/schema\/person\/a17dbd5aa9ec13f6f675cc7ed014673d"},"headline":"Sezonski radovi u ekolo\u0161kom vrtu s Ale\u0161em \u2013 prvi dio","datePublished":"2025-06-20T06:33:26+00:00","mainEntityOfPage":{"@id":"https:\/\/homeogarden.com\/hr\/savjeti\/sezonski-radovi-u-ekoloskom-vrtu-s-alesem-prvi-dio\/"},"wordCount":2431,"commentCount":0,"publisher":{"@id":"https:\/\/homeogarden.com\/hr\/#organization"},"image":{"@id":"https:\/\/homeogarden.com\/hr\/savjeti\/sezonski-radovi-u-ekoloskom-vrtu-s-alesem-prvi-dio\/#primaryimage"},"thumbnailUrl":"https:\/\/homeogarden.com\/hr\/wp-content\/uploads\/sites\/3\/2025\/06\/20250517_111039.jpg","articleSection":["Savjeti"],"inLanguage":"hr","potentialAction":[{"@type":"CommentAction","name":"Comment","target":["https:\/\/homeogarden.com\/hr\/savjeti\/sezonski-radovi-u-ekoloskom-vrtu-s-alesem-prvi-dio\/#respond"]}]},{"@type":"WebPage","@id":"https:\/\/homeogarden.com\/hr\/savjeti\/sezonski-radovi-u-ekoloskom-vrtu-s-alesem-prvi-dio\/","url":"https:\/\/homeogarden.com\/hr\/savjeti\/sezonski-radovi-u-ekoloskom-vrtu-s-alesem-prvi-dio\/","name":"Sezonski radovi u ekoloskom vrtu s alesem-prvi dio - Homeogarden","isPartOf":{"@id":"https:\/\/homeogarden.com\/hr\/#website"},"primaryImageOfPage":{"@id":"https:\/\/homeogarden.com\/hr\/savjeti\/sezonski-radovi-u-ekoloskom-vrtu-s-alesem-prvi-dio\/#primaryimage"},"image":{"@id":"https:\/\/homeogarden.com\/hr\/savjeti\/sezonski-radovi-u-ekoloskom-vrtu-s-alesem-prvi-dio\/#primaryimage"},"thumbnailUrl":"https:\/\/homeogarden.com\/hr\/wp-content\/uploads\/sites\/3\/2025\/06\/20250517_111039.jpg","datePublished":"2025-06-20T06:33:26+00:00","description":"Organsko vrtlarenje s Ale\u0161em - prirodno, odr\u017eivo i bez kemikalija - s naglaskom na zdravo tlo, prirodnu ravnote\u017eu i doma\u0107u proizvodnju hrane.","breadcrumb":{"@id":"https:\/\/homeogarden.com\/hr\/savjeti\/sezonski-radovi-u-ekoloskom-vrtu-s-alesem-prvi-dio\/#breadcrumb"},"inLanguage":"hr","potentialAction":[{"@type":"ReadAction","target":["https:\/\/homeogarden.com\/hr\/savjeti\/sezonski-radovi-u-ekoloskom-vrtu-s-alesem-prvi-dio\/"]}]},{"@type":"ImageObject","inLanguage":"hr","@id":"https:\/\/homeogarden.com\/hr\/savjeti\/sezonski-radovi-u-ekoloskom-vrtu-s-alesem-prvi-dio\/#primaryimage","url":"https:\/\/homeogarden.com\/hr\/wp-content\/uploads\/sites\/3\/2025\/06\/20250517_111039.jpg","contentUrl":"https:\/\/homeogarden.com\/hr\/wp-content\/uploads\/sites\/3\/2025\/06\/20250517_111039.jpg","width":1600,"height":1200,"caption":"sezonski radovi u vrtu"},{"@type":"BreadcrumbList","@id":"https:\/\/homeogarden.com\/hr\/savjeti\/sezonski-radovi-u-ekoloskom-vrtu-s-alesem-prvi-dio\/#breadcrumb","itemListElement":[{"@type":"ListItem","position":1,"name":"Po\u010detna","item":"https:\/\/homeogarden.com\/hr\/"},{"@type":"ListItem","position":2,"name":"Sezonski radovi u ekolo\u0161kom vrtu s Ale\u0161em \u2013 prvi dio"}]},{"@type":"WebSite","@id":"https:\/\/homeogarden.com\/hr\/#website","url":"https:\/\/homeogarden.com\/hr\/","name":"Homeogarden.com","description":"Stvaramo prirodni okoli\u0161","publisher":{"@id":"https:\/\/homeogarden.com\/hr\/#organization"},"potentialAction":[{"@type":"SearchAction","target":{"@type":"EntryPoint","urlTemplate":"https:\/\/homeogarden.com\/hr\/?s={search_term_string}"},"query-input":{"@type":"PropertyValueSpecification","valueRequired":true,"valueName":"search_term_string"}}],"inLanguage":"hr"},{"@type":"Organization","@id":"https:\/\/homeogarden.com\/hr\/#organization","name":"Homeogarden","url":"https:\/\/homeogarden.com\/hr\/","logo":{"@type":"ImageObject","inLanguage":"hr","@id":"https:\/\/homeogarden.com\/hr\/#\/schema\/logo\/image\/","url":"https:\/\/homeogarden.com\/hr\/wp-content\/uploads\/sites\/3\/2024\/12\/HomeOgarden-logo.jpg","contentUrl":"https:\/\/homeogarden.com\/hr\/wp-content\/uploads\/sites\/3\/2024\/12\/HomeOgarden-logo.jpg","width":1200,"height":1200,"caption":"Homeogarden"},"image":{"@id":"https:\/\/homeogarden.com\/hr\/#\/schema\/logo\/image\/"},"sameAs":["https:\/\/www.facebook.com\/homeOgardenHR"]},{"@type":"Person","@id":"https:\/\/homeogarden.com\/hr\/#\/schema\/person\/a17dbd5aa9ec13f6f675cc7ed014673d","name":"sandra","image":{"@type":"ImageObject","inLanguage":"hr","@id":"https:\/\/homeogarden.com\/hr\/#\/schema\/person\/image\/","url":"https:\/\/secure.gravatar.com\/avatar\/c9380064dce32326392135d323cf5043?s=96&d=mm&r=g","contentUrl":"https:\/\/secure.gravatar.com\/avatar\/c9380064dce32326392135d323cf5043?s=96&d=mm&r=g","caption":"sandra"},"url":"https:\/\/homeogarden.com\/hr\/author\/vnos\/"}]}},"_links":{"self":[{"href":"https:\/\/homeogarden.com\/hr\/wp-json\/wp\/v2\/posts\/172120","targetHints":{"allow":["GET"]}}],"collection":[{"href":"https:\/\/homeogarden.com\/hr\/wp-json\/wp\/v2\/posts"}],"about":[{"href":"https:\/\/homeogarden.com\/hr\/wp-json\/wp\/v2\/types\/post"}],"author":[{"embeddable":true,"href":"https:\/\/homeogarden.com\/hr\/wp-json\/wp\/v2\/users\/2"}],"replies":[{"embeddable":true,"href":"https:\/\/homeogarden.com\/hr\/wp-json\/wp\/v2\/comments?post=172120"}],"version-history":[{"count":5,"href":"https:\/\/homeogarden.com\/hr\/wp-json\/wp\/v2\/posts\/172120\/revisions"}],"predecessor-version":[{"id":172139,"href":"https:\/\/homeogarden.com\/hr\/wp-json\/wp\/v2\/posts\/172120\/revisions\/172139"}],"wp:featuredmedia":[{"embeddable":true,"href":"https:\/\/homeogarden.com\/hr\/wp-json\/wp\/v2\/media\/172138"}],"wp:attachment":[{"href":"https:\/\/homeogarden.com\/hr\/wp-json\/wp\/v2\/media?parent=172120"}],"wp:term":[{"taxonomy":"category","embeddable":true,"href":"https:\/\/homeogarden.com\/hr\/wp-json\/wp\/v2\/categories?post=172120"},{"taxonomy":"post_tag","embeddable":true,"href":"https:\/\/homeogarden.com\/hr\/wp-json\/wp\/v2\/tags?post=172120"}],"curies":[{"name":"wp","href":"https:\/\/api.w.org\/{rel}","templated":true}]}}